{"id":2367,"date":"2020-09-07T20:36:06","date_gmt":"2020-09-07T20:36:06","guid":{"rendered":"http:\/\/thomasneumann.org\/?p=2367"},"modified":"2020-09-09T19:24:33","modified_gmt":"2020-09-09T19:24:33","slug":"sommerabend-auf-der-wiwili-bruecke","status":"publish","type":"post","link":"https:\/\/thomasneumann.org\/?p=2367","title":{"rendered":"Sommerabend auf der Wiwili Br\u00fccke"},"content":{"rendered":"ngg_shortcode_0_placeholder\n<p>Die Sonne geht unter und man genie\u00dft den Abend auf einem der B\u00f6gen der Wiwili Br\u00fccke mit dem Blick auf den Sch\u00f6nberg. Das ist ein Teil des Freiburg-Gef\u00fchls. Weitere Impressionen sind in der Serie <a href=\"https:\/\/thomasneumann.org\/?p=2367\">&#8222;Sommerabend auf der Wiwili Br\u00fccke&#8220;<\/a> .<\/p>\n<p>&nbsp;<\/p>\n","protected":false},"excerpt":{"rendered":"<p>Die Sonne geht unter und man genie\u00dft den Abend auf einem der B\u00f6gen der Wiwili Br\u00fccke mit dem Blick auf den Sch\u00f6nberg. Das ist ein Teil des Freiburg-Gef\u00fchls. Weitere Impressionen sind in der Serie &#8222;Sommerabend auf der Wiwili Br\u00fccke&#8220; . &nbsp;<\/p>\n","protected":false},"author":3,"featured_media":2370,"comment_status":"open","ping_status":"open","sticky":false,"template":"","format":"standard","meta":{"_genesis_hide_title":false,"_genesis_hide_breadcrumbs":false,"_genesis_hide_singular_image":false,"_genesis_hide_footer_widgets":false,"_genesis_custom_body_class":"","_genesis_custom_post_class":"","_genesis_layout":"","ngg_post_thumbnail":0,"footnotes":""},"categories":[1],"tags":[114,129,130,107,92,97,104,111,132,131],"class_list":{"0":"post-2367","1":"post","2":"type-post","3":"status-publish","4":"format-standard","5":"has-post-thumbnail","7":"category-uncategorized","8":"tag-deutschland","9":"tag-freiburg","10":"tag-menschen","11":"tag-photographer","12":"tag-photographie","13":"tag-photography","14":"tag-photooftheday","15":"tag-sonnenuntergang","16":"tag-streetphotography","17":"tag-wiwili-bruecke","18":"entry"},"_links":{"self":[{"href":"https:\/\/thomasneumann.org\/index.php?rest_route=\/wp\/v2\/posts\/2367","targetHints":{"allow":["GET"]}}],"collection":[{"href":"https:\/\/thomasneumann.org\/index.php?rest_route=\/wp\/v2\/posts"}],"about":[{"href":"https:\/\/thomasneumann.org\/index.php?rest_route=\/wp\/v2\/types\/post"}],"author":[{"embeddable":true,"href":"https:\/\/thomasneumann.org\/index.php?rest_route=\/wp\/v2\/users\/3"}],"replies":[{"embeddable":true,"href":"https:\/\/thomasneumann.org\/index.php?rest_route=%2Fwp%2Fv2%2Fcomments&post=2367"}],"version-history":[{"count":5,"href":"https:\/\/thomasneumann.org\/index.php?rest_route=\/wp\/v2\/posts\/2367\/revisions"}],"predecessor-version":[{"id":2375,"href":"https:\/\/thomasneumann.org\/index.php?rest_route=\/wp\/v2\/posts\/2367\/revisions\/2375"}],"wp:featuredmedia":[{"embeddable":true,"href":"https:\/\/thomasneumann.org\/index.php?rest_route=\/wp\/v2\/media\/2370"}],"wp:attachment":[{"href":"https:\/\/thomasneumann.org\/index.php?rest_route=%2Fwp%2Fv2%2Fmedia&parent=2367"}],"wp:term":[{"taxonomy":"category","embeddable":true,"href":"https:\/\/thomasneumann.org\/index.php?rest_route=%2Fwp%2Fv2%2Fcategories&post=2367"},{"taxonomy":"post_tag","embeddable":true,"href":"https:\/\/thomasneumann.org\/index.php?rest_route=%2Fwp%2Fv2%2Ftags&post=2367"}],"curies":[{"name":"wp","href":"https:\/\/api.w.org\/{rel}","templated":true}]}}